{"id":1134,"date":"2011-06-11T12:54:29","date_gmt":"2011-06-11T10:54:29","guid":{"rendered":"http:\/\/www.viinanen.org\/wordpress\/?p=1134"},"modified":"2013-03-12T17:43:55","modified_gmt":"2013-03-12T15:43:55","slug":"niemenpaan-kartanon-rauniot-ja-uhrikivi","status":"publish","type":"post","link":"https:\/\/viinanen.org\/wordpress\/2011\/06\/11\/niemenpaan-kartanon-rauniot-ja-uhrikivi\/","title":{"rendered":"Niemenp\u00e4\u00e4n kartanon rauniot ja uhrikivi"},"content":{"rendered":"<figure id=\"attachment_1135\" aria-describedby=\"caption-attachment-1135\" style=\"width: 225px\" class=\"wp-caption alignleft\"><a href=\"http:\/\/www.viinanen.org\/wordpress\/wp-content\/uploads\/2011\/06\/niemenpaa01.jpg\"><img loading=\"lazy\" decoding=\"async\" class=\"size-medium wp-image-1135\" title=\"niemenpaa01\" alt=\"\" src=\"http:\/\/www.viinanen.org\/wordpress\/wp-content\/uploads\/2011\/06\/niemenpaa01-225x300.jpg\" width=\"225\" height=\"300\" srcset=\"https:\/\/viinanen.org\/wordpress\/wp-content\/uploads\/2011\/06\/niemenpaa01-225x300.jpg 225w, https:\/\/viinanen.org\/wordpress\/wp-content\/uploads\/2011\/06\/niemenpaa01-375x500.jpg 375w, https:\/\/viinanen.org\/wordpress\/wp-content\/uploads\/2011\/06\/niemenpaa01.jpg 450w\" sizes=\"auto, (max-width: 225px) 100vw, 225px\" \/><\/a><figcaption id=\"caption-attachment-1135\" class=\"wp-caption-text\">Polku Niememp\u00e4\u00e4n kartanon raunioille<\/figcaption><\/figure>\n<p>&#8220;Uhrikivi sijaitsee Niemenp\u00e4\u00e4n kartanon raunioiden pihapiiriss\u00e4, m\u00e4kisen mets\u00e4niemekkeen etel\u00e4osassa.&#8221;<\/p>\n<p>Ehk\u00e4 minulla oli romanttinen k\u00e4sitys niityll\u00e4 lojuvista ~500-700 vuotta vanhan rakennuksen sammaloituneista perustuksista ja uhrikivest\u00e4 suuren tammen juurella.<\/p>\n<p>Olin jo tarpeeksi pahalla p\u00e4\u00e4ll\u00e4 etsiess\u00e4ni l\u00e4hes mahdotonta <a href=\"http:\/\/kulttuuriymparisto.nba.fi\/netsovellus\/rekisteriportaali\/mjreki\/read\/asp\/r_kohde_det1.aspx?KOHDE_ID=109010070\">Vanhan pappilan pellon<\/a> uhrikive\u00e4. Shortsit ja sandaalit eiv\u00e4t ihan v\u00e4ltt\u00e4m\u00e4tt\u00e4 ole paras ratkaisu r\u00e4mpi\u00e4 kainaloon ulottuvassa nokkospusikossa lahojen puiden ja tuomenkehr\u00e4\u00e4j\u00e4koin seititt\u00e4mien tuomien seassa.<\/p>\n<p>Katri kurvasi paikalle ja l\u00e4hdimme matkaan. Alikartanontien l\u00e4ntinen haara oli edelleenkin umpikuja. V\u00e4liss\u00e4 oli p\u00e4\u00e4rata ja tie jatkui toisella puolella. Kiskojen toisella puolella aidassa ollut portti kielt\u00e4m\u00e4tt\u00e4 houkutteli, mutta onneksi h\u00e4n sai puhuttua j\u00e4rke\u00e4 p\u00e4\u00e4h\u00e4ni ja k\u00e4\u00e4nnyimme pois. Jo sielt\u00e4 etel\u00e4n suunnasta porhalsi heti matkustajajuna hurjaa vauhtia kohti H\u00e4meenlinnan asemaa.<\/p>\n<p>Matka jatkui Alikyl\u00e4ntien toista haaraa Harviala Oy:n taimitarhalle. P\u00e4\u00e4timme oitis muuttaa Harvialan navetan nelj\u00e4st\u00e4 py\u00f6re\u00e4st\u00e4 osasta tehtyyn tiiliseen korkeaan rehutorniin. Saavuttuamme perinteisen pienen harhailun j\u00e4lkeen l\u00e4helle kohdetta huomasimme, ett\u00e4 mets\u00e4saareke on eristetty taimitarhasta kanaverkolla. Sinne p\u00e4\u00e4st\u00e4ksemme, meid\u00e4n piti palata hieman takaisin ja kulkea koko mets\u00e4n l\u00e4pi. Polku oli ensin leve\u00e4 ja selv\u00e4 mutta kyll\u00e4 se siit\u00e4 kapeni kapenemistaan, kunnes r\u00e4mmittiin umpipusikossa. Ainoastaan muurahaiset puuttuivat. Kaikki muut kapsahaiset olikin sitten innolla kimpussa.<\/p>\n<p>Kartanon rauniot. Mit\u00e4 niist\u00e4 voisi sanoa? Olihan siell\u00e4 suurten kuusien seassa joitakin kivir\u00f6ykki\u00f6it\u00e4. Niist\u00e4 kyll\u00e4 n\u00e4ki, ett\u00e4 ihminen on oman k\u00e4denj\u00e4lkens\u00e4 niihin j\u00e4tt\u00e4nyt. Pit\u00e4\u00e4 kuitenkin muistaa ett\u00e4 Niemenp\u00e4\u00e4n r\u00e4lssis\u00e4teri\u00e4 asutettiin hyvin hyvin, hyvin kauan sitten. Tiet\u00e4\u00e4p\u00e4 Wikipedia kertoa my\u00f6s, ett\u00e4 Niemenp\u00e4\u00e4 olisikin Kurki-suvun kantatila Laukon kartanon sijasta.<\/p>\n<p>Olin aiemmin siirt\u00e4nyt uhrikiven koordinaatit Museoviraston rekisteriportaalista OSM-kartalle puhelimessa lojuvalla <a href=\"http:\/\/osmand.net\/\">OSMand<\/a> -sovelluksella. T\u00e4m\u00e4 onkin ollut l\u00e4hes pett\u00e4m\u00e4t\u00f6n tapa l\u00f6yt\u00e4\u00e4 asioita maastosta. Kun tiet\u00e4\u00e4 ett\u00e4 jotakin sijaitsee 10-20m s\u00e4teell\u00e4 olinpaikastani, niin etsiminen on intensiivisemp\u00e4\u00e4 ja l\u00f6yt\u00e4m\u00e4tt\u00f6myyden tuottama pettymys entist\u00e4kin karvaampaa.<\/p>\n<p>&nbsp;<\/p>\n<figure id=\"attachment_1136\" aria-describedby=\"caption-attachment-1136\" style=\"width: 300px\" class=\"wp-caption alignleft\"><a href=\"http:\/\/www.viinanen.org\/wordpress\/wp-content\/uploads\/2011\/06\/niemenpaa02.jpg\"><img loading=\"lazy\" decoding=\"async\" class=\"size-medium wp-image-1136\" title=\"niemenpaa02\" alt=\"\" src=\"http:\/\/www.viinanen.org\/wordpress\/wp-content\/uploads\/2011\/06\/niemenpaa02-300x204.jpg\" width=\"300\" height=\"204\" srcset=\"https:\/\/viinanen.org\/wordpress\/wp-content\/uploads\/2011\/06\/niemenpaa02-300x204.jpg 300w, https:\/\/viinanen.org\/wordpress\/wp-content\/uploads\/2011\/06\/niemenpaa02-400x272.jpg 400w, https:\/\/viinanen.org\/wordpress\/wp-content\/uploads\/2011\/06\/niemenpaa02.jpg 600w\" sizes=\"auto, (max-width: 300px) 100vw, 300px\" \/><\/a><figcaption id=\"caption-attachment-1136\" class=\"wp-caption-text\">Lohduton n\u00e4ky odotti l\u00f6yt\u00e4j\u00e4\u00e4ns\u00e4<\/figcaption><\/figure>\n<p>L\u00e4hdin siis kohti kartalla n\u00e4kyv\u00e4\u00e4 oranssia pampulaa. Aikamoista ryteikk\u00f6\u00e4 saikin k\u00e4vell\u00e4 kunnes t\u00f6rm\u00e4sin kohtaan, miss\u00e4 lojui sinne t\u00e4nne &#8220;viskottuja&#8221; kivi\u00e4. V\u00e4h\u00e4n matkaa kuljettuani huomasin osin kaatuneen tuomen rungon vieress\u00e4 tutuksi k\u00e4yneen Museoviraston &#8220;Muinaisj\u00e4\u00e4nn\u00f6s &#8211; Lain suojaama&#8221; planssin. Eip\u00e4 t\u00e4t\u00e4 kohdetta v\u00e4ltt\u00e4m\u00e4tt\u00e4 olisi l\u00f6ytynyt ilman sen merkint\u00e4\u00e4. Huutelin Katrille ett\u00e4 h\u00e4n osaisi my\u00f6s r\u00e4mpi\u00e4 paikalle. Aikamme siin\u00e4 ihmetelty\u00e4mme puhdistin varovaisesti kiven kaikesta irtaimesta roskasta ja raivasin puun kauemmaksi. T\u00e4ll\u00e4 aikaa erilaiset paarmat ja kokonaiset hyttysten armeijakunnat ahdistelivat meit\u00e4 joka suunnasta. Paitanikin olin j\u00e4tt\u00e4nyt py\u00f6r\u00e4lle.<\/p>\n<p>&nbsp;<\/p>\n<p>&nbsp;<\/p>\n<p>&nbsp;<\/p>\n<p>&nbsp;<\/p>\n<p>&nbsp;<\/p>\n<figure id=\"attachment_1137\" aria-describedby=\"caption-attachment-1137\" style=\"width: 300px\" class=\"wp-caption alignleft\"><a href=\"http:\/\/www.viinanen.org\/wordpress\/wp-content\/uploads\/2011\/06\/niemenpaa03.jpg\"><img loading=\"lazy\" decoding=\"async\" class=\"size-medium wp-image-1137\" title=\"niemenpaa03\" alt=\"\" src=\"http:\/\/www.viinanen.org\/wordpress\/wp-content\/uploads\/2011\/06\/niemenpaa03-300x193.jpg\" width=\"300\" height=\"193\" srcset=\"https:\/\/viinanen.org\/wordpress\/wp-content\/uploads\/2011\/06\/niemenpaa03-300x193.jpg 300w, https:\/\/viinanen.org\/wordpress\/wp-content\/uploads\/2011\/06\/niemenpaa03-400x258.jpg 400w, https:\/\/viinanen.org\/wordpress\/wp-content\/uploads\/2011\/06\/niemenpaa03.jpg 600w\" sizes=\"auto, (max-width: 300px) 100vw, 300px\" \/><\/a><figcaption id=\"caption-attachment-1137\" class=\"wp-caption-text\">Kiven ymp\u00e4rist\u00f6 pois l\u00e4hdett\u00e4ess\u00e4<\/figcaption><\/figure>\n<p>J\u00e4tin kiven kutakuinkin kuvan osoittamaan kuntoon ja l\u00f6ysin siit\u00e4 helposti 10 kuppia. L\u00e4hdimme pois hieman eri reitti\u00e4. Sielt\u00e4 miss\u00e4 nokkoset, ohdakkeet, lahot puut, ym. luontoon niin raikkaasti kuuluva yrittiv\u00e4t jarruttaa kaikin keinoin menoamme.<\/p>\n<p>Iho oli mullassa, pihkassa, neulasissa, murskaantuneiden hyttysten j\u00e4tt\u00e4miss\u00e4 verij\u00e4ljiss\u00e4 ja paukamilla. Oli tavattoman kuuma. Mutta eip\u00e4 se haitannut mit\u00e4\u00e4n. Kohde l\u00f6ytyi sielt\u00e4 miss\u00e4 sen pitikin olla.<\/p>\n<p>Joku varmaan ihmettelee ett\u00e4 miksi n\u00e4it\u00e4 kohteita ihan yht&#8217; \u00e4kki\u00e4 olen alkanut bongailemaan. Ehk\u00e4 se on kuitenkin kytenyt jo pitk\u00e4n aikaa odottaen vain oikeanlaista yht\u00e4 hullua seuraa. Oikeastaan jo kev\u00e4\u00e4ll\u00e4 2010 Katri mainitsi Janakkalan muinaispolusta ja siit\u00e4 ett\u00e4 haluaisi niit\u00e4 joskus l\u00e4hte\u00e4 katsomaan. Muistan sen p\u00e4\u00e4nsis\u00e4isen tunteen kun lis\u00e4\u00e4 paloja putosi sisemm\u00e4lle hammaskeh\u00e4lle saaden koko koneiston toimimaan entist\u00e4 vakaammin.<\/p>\n<p>Nyt tuo sanoo: &#8220;Ei sun tarvi anteeksi pyyt\u00e4\u00e4 t\u00e4\u00e4ll\u00e4 nokkosissa rypemist\u00e4. Itseh\u00e4n m\u00e4 sua yllyt\u00e4n!&#8221;<\/p>\n<p>N\u00e4iden kultti- ja tarinapaikkojen bongailu on kuin geok\u00e4tk\u00f6ily\u00e4. Kohde on yleens\u00e4 &#8220;piilossa&#8221; keskell\u00e4 paikkaa jossa sit\u00e4 kuumeisesti etsit. Kohde tosin on piilotettu v\u00e4hint\u00e4\u00e4n 500 vuotta sitten, eik\u00e4 &#8220;k\u00e4tk\u00f6j\u00e4&#8221; ole sen koomin liikuteltu. Joskus uhrikivien kupeista saattaa toki l\u00f6yt\u00e4\u00e4 pihlajanmarjoja tai jyvi\u00e4.<\/p>\n<p>Eik\u00e4 aikaakaan kun H\u00e4meenlinnan alueen ja Janakkalan kohteet on koluttu. Seuraavat paikat nimitt\u00e4in on jo merkitty karttaan \ud83d\ude42<\/p>\n<p>Niemenp\u00e4\u00e4n uhrikivi <a href=\"http:\/\/www.openstreetmap.org\/?lat=60.94868&amp;lon=24.55218&amp;zoom=16&amp;layers=M\">OSM-kartalla<\/a> ja <a href=\"http:\/\/kulttuuriymparisto.nba.fi\/netsovellus\/rekisteriportaali\/mjreki\/read\/asp\/r_kohde_det1.aspx?KOHDE_ID=165010015\">Museoviraston rekisteriportaalissa<\/a><\/p>\n<p>&nbsp;<\/p>\n<p>&nbsp;<\/p>\n","protected":false},"excerpt":{"rendered":"<p>&#8220;Uhrikivi sijaitsee Niemenp\u00e4\u00e4n kartanon raunioiden pihapiiriss\u00e4, m\u00e4kisen mets\u00e4niemekkeen etel\u00e4osassa.&#8221; Ehk\u00e4 minulla oli romanttinen k\u00e4sitys niityll\u00e4 lojuvista ~500-700 vuotta vanhan rakennuksen sammaloituneista perustuksista ja uhrikivest\u00e4 suuren tammen juurella. Olin jo tarpeeksi pahalla p\u00e4\u00e4ll\u00e4 etsiess\u00e4ni l\u00e4hes mahdotonta Vanhan pappilan pellon uhrikive\u00e4. Shortsit &hellip;<\/p>\n<p class=\"read-more\"> <a class=\"more-link\" href=\"https:\/\/viinanen.org\/wordpress\/2011\/06\/11\/niemenpaan-kartanon-rauniot-ja-uhrikivi\/\"> <span class=\"screen-reader-text\">Niemenp\u00e4\u00e4n kartanon rauniot ja uhrikivi<\/span> Read More &raquo;<\/a><\/p>\n","protected":false},"author":1,"featured_media":0,"comment_status":"open","ping_status":"open","sticky":false,"template":"","format":"standard","meta":{"footnotes":""},"categories":[50],"tags":[],"class_list":["post-1134","post","type-post","status-publish","format-standard","hentry","category-pihlajan-varjossa"],"_links":{"self":[{"href":"https:\/\/viinanen.org\/wordpress\/wp-json\/wp\/v2\/posts\/1134","targetHints":{"allow":["GET"]}}],"collection":[{"href":"https:\/\/viinanen.org\/wordpress\/wp-json\/wp\/v2\/posts"}],"about":[{"href":"https:\/\/viinanen.org\/wordpress\/wp-json\/wp\/v2\/types\/post"}],"author":[{"embeddable":true,"href":"https:\/\/viinanen.org\/wordpress\/wp-json\/wp\/v2\/users\/1"}],"replies":[{"embeddable":true,"href":"https:\/\/viinanen.org\/wordpress\/wp-json\/wp\/v2\/comments?post=1134"}],"version-history":[{"count":18,"href":"https:\/\/viinanen.org\/wordpress\/wp-json\/wp\/v2\/posts\/1134\/revisions"}],"predecessor-version":[{"id":1152,"href":"https:\/\/viinanen.org\/wordpress\/wp-json\/wp\/v2\/posts\/1134\/revisions\/1152"}],"wp:attachment":[{"href":"https:\/\/viinanen.org\/wordpress\/wp-json\/wp\/v2\/media?parent=1134"}],"wp:term":[{"taxonomy":"category","embeddable":true,"href":"https:\/\/viinanen.org\/wordpress\/wp-json\/wp\/v2\/categories?post=1134"},{"taxonomy":"post_tag","embeddable":true,"href":"https:\/\/viinanen.org\/wordpress\/wp-json\/wp\/v2\/tags?post=1134"}],"curies":[{"name":"wp","href":"https:\/\/api.w.org\/{rel}","templated":true}]}}