{"id":1668,"date":"2012-08-12T19:14:02","date_gmt":"2012-08-12T17:14:02","guid":{"rendered":"http:\/\/www.viinanen.org\/wordpress\/?p=1668"},"modified":"2013-03-12T17:06:12","modified_gmt":"2013-03-12T15:06:12","slug":"rakennetaan-karu-poyta-metsan-mittaisesta","status":"publish","type":"post","link":"https:\/\/viinanen.org\/wordpress\/2012\/08\/12\/rakennetaan-karu-poyta-metsan-mittaisesta\/","title":{"rendered":"Rakennetaan karu p\u00f6yt\u00e4 mets\u00e4n mittaisesta"},"content":{"rendered":"<p>Rupesi \u00e4rsytt\u00e4m\u00e4\u00e4n nykyinen hieman rimpula pirttip\u00f6yt\u00e4 ja penkit. Eih\u00e4n siin\u00e4 kohta mahdu en\u00e4\u00e4 sy\u00f6m\u00e4\u00e4n kun pojat kasvaa pituutta ja v\u00e4h\u00e4n leveytt\u00e4. Saati kunnolla lehte\u00e4 lukemaan. Ajatuksen sain kun juhannuksen lomareissulla mielenkiinnolla tutkiskelin Rosalan viikinkikeskuksen p\u00e4\u00e4llik\u00f6n hallissa olevia penkkej\u00e4 ja p\u00f6yti\u00e4. Tuumin, ett\u00e4 kyll\u00e4h\u00e4n nyt tuollaisen saisi itsekin aikaan. Kes\u00e4lomalla t\u00e4m\u00e4 ICT-ty\u00f6l\u00e4inen on aina tavan mukaan v\u00e4rk\u00e4nnyt jotakin puusta. Vuodesta 2006 jatkunutta perinnett\u00e4 oli siis ihan velvoitekin jatkaa.<\/p>\n<p>Kierros paikallisissa puutavaraliikkeiss\u00e4 l\u00e4hinn\u00e4 masensi. Mitallistettua py\u00f6re\u00e4s\u00e4rm\u00e4ist\u00e4 kuusta kyll\u00e4 l\u00f6ytyi useassa eri koossa, muttei ollenkaan suoras\u00e4rm\u00e4ist\u00e4. Mit\u00e4h\u00e4n vittua on oikein tapahtunut? Kai puu tulee kohta sahoilta Lego-palikan muotoisina paloina, jos haluaa jotain muutakin kuin taloa rakentaa. Meinasin jo luovuttaa, kunnes rupesin selvittelem\u00e4\u00e4n mist\u00e4 saisin mets\u00e4n mittaista ns. l\u00e4pi sahattua m\u00e4ntylankkua. Keltaisessa p\u00f6rssiss\u00e4 oli jos jonkinmoista ilmoitusta. Lopulta p\u00e4\u00e4dyin selailemaan puutavaraa sahaavien ja myyvien yritysten puhelinnumeroita. Lopulta p\u00e4\u00e4syin yhteydenottoon Parolassa majaansa pit\u00e4v\u00e4\u00e4n Ara-Puu Oy:\u00f6\u00f6n.<\/p>\n<h3>Rakennusvaihe<\/h3>\n<p>Meni noin viikko ja puulajikin vaihtui matkalla m\u00e4nnyst\u00e4 lehtikuuseen, kunnes hyppysiss\u00e4ni oli tarpeellinen m\u00e4\u00e4r\u00e4 sovitun levyisi\u00e4 h\u00f6yl\u00e4ttyj\u00e4 lankkuja. Penkkeihin tulevissa lankuissa oli sovitun mukaisesti viel\u00e4 kaarnatkin reunassa. Ensimm\u00e4isen p\u00e4iv\u00e4n projektina oli sahata p\u00f6yd\u00e4n jalkoina toimivien p\u00e4\u00e4tyristikoiden puut. Tein t\u00e4m\u00e4n huteraan ty\u00f6penkkiin kiinnitetyll\u00e4 jiirisahalla. Voin muuten sitten kertoa ett\u00e4 lehtikuusen kovuus on jotain aivan eri luokkaa esimerkiksi m\u00e4ntyyn verrattuna. Hinkkasin kahdeksaa sahapintaa varmaan tunnin. Kun sain urakan valmiiksi, katselin lankkukasaa hetken aikaa kiroten ja pistin tekstiviesti\u00e4 kaverille, josko h\u00e4nell\u00e4 voisi k\u00e4yd\u00e4 p\u00e4tkim\u00e4ss\u00e4 penkin puut. Lopulta Mazdan per\u00e4ss\u00e4 olikin kokonainen jiirisirkkeli p\u00f6ytineen p\u00e4ivineen. T\u00e4m\u00e4 osoittautui j\u00e4lkeen p\u00e4in ajatellen t\u00e4m\u00e4n projektin pelastukseksi. Muuta en jaksanutkaan t\u00e4lle p\u00e4iv\u00e4lle tehd\u00e4 vaan kannoin puut sis\u00e4lle.<\/p>\n<p>Seuraava p\u00e4iv\u00e4 alkoi jiirisirkkelin ky\u00f6r\u00e4\u00e4misell\u00e4 auton per\u00e4st\u00e4 pelipaikalle. P\u00e4tkin kaiken tarvittavan hetkess\u00e4 valmiiksi. Penkin lankut tuli mitattua ja katkaistua omalla k\u00e4sisirkkelill\u00e4. Seuraavana oli vuorossa reunojen piiluaminen pienell\u00e4 Fiskarssin retkikirveell\u00e4. Kyll\u00e4h\u00e4n se sill\u00e4kin joutuisasti k\u00e4vi. Loput ajoin nauhahiomakoneella tasaiseksi. V\u00e4hitellen osat rupesivat muotoutumaan. Mit\u00e4\u00e4n varsinaista rakennuspiirrustusta en ollut pahemmin tehnyt. Joitakin mittauksia nykyisest\u00e4 p\u00f6yd\u00e4st\u00e4 kyll\u00e4kin. Ty\u00f6skentelytavat hioutuivat sit\u00e4 mukaa kun kappaleita teki. Ensimm\u00e4inen oli aina sellanen tarkan ep\u00e4tarkka harjoituskappale ja loput tuli l\u00e4hes itsekseen.<\/p>\n<p>Piirsin toki paperillekin yhden kuvan tavasta, miten penkin- ja p\u00f6yd\u00e4n jalat kiinnitet\u00e4\u00e4n. K\u00e4yt\u00e4nn\u00f6ss\u00e4kin tuo toimi oikein mallikkaasti.<\/p>\n<h3>Pintak\u00e4sittely ja huomioita<\/h3>\n<p>Mit\u00e4 siit\u00e4 nyt kertoisi. Hioin pinnat niin hyvin kuin jaksoin, eli aika karkeaksi pinnat j\u00e4iv\u00e4t. Samalla tuli huomattua ett\u00e4 k\u00f6yh\u00e4n ei koskaan pit\u00e4isi ostaa paskoja ty\u00f6kaluja. EinHELLIN nauhahiomakone on kyll\u00e4 vihoviimeisin tekele, mit\u00e4 maa p\u00e4\u00e4ll\u00e4\u00e4n kantaa. Kone itsess\u00e4\u00e4n sy\u00f6 nauhaa nopeammin kuin hiottavat kappaleet.\u00a0En l\u00e4htenyt mihink\u00e4\u00e4n ylti\u00f6p\u00e4iseen py\u00f6ristelyyn vaan n\u00e4ytin kulmille l\u00e4hinn\u00e4 pelk\u00e4st\u00e4\u00e4n viilaa. Pintak\u00e4sittelyaineeksi valitsin Osmocolorin puolihimme\u00e4n v\u00e4ritt\u00f6m\u00e4n TopOilin, jota levitin wanhalla jo aikaa sitten nukkaamisen lopettaneella puuvillakankaisella lakanan palalla kolmisen kerrosta. Viimeisen kerroksen j\u00e4lkeen osat sai lojua noin viikon ennen kotiin tuomista. Toisin paikoin \u00f6ljy toi lehtikuusen punertavan syd\u00e4npuun kauniisti esiin.<\/p>\n<p>Puutavara oli p\u00e4\u00e4osin ns. ulkokuivaa eik\u00e4 sit\u00e4 kuivattu mitenk\u00e4\u00e4n ennen rakentamisen alkua. T\u00e4m\u00e4 tuli huomattua hyvin p\u00f6yd\u00e4n p\u00e4\u00e4tyristikoiden kanssa. Tein tiukat liitokset, jotka sitten puun kuivuessa ja kutistuessa avartuivat jonkin verran. Yksik\u00e4\u00e4n liitos ei sent\u00e4\u00e4n hajonnut tai irronnut liimauksesta. Ruuveja liitoksissa ei ole yht\u00e4k\u00e4\u00e4n ja j\u00e4tin l\u00e4pi poratut puutapitkin tekem\u00e4tt\u00e4. Ei vaan laiska en\u00e4\u00e4 jaksanut. Aika n\u00e4ytt\u00e4\u00e4 kest\u00e4\u00e4k\u00f6 t\u00e4m\u00e4 viikinkityylinen karu p\u00f6yt\u00e4 karun viikinkityylisen perheen k\u00e4sittelyss\u00e4.<\/p>\n<h3>Kuvapl\u00e4j\u00e4ys aikaj\u00e4rjestyksess\u00e4<\/h3>\n<div id='gallery-1' class='gallery galleryid-1668 gallery-columns-6 gallery-size-responsive-100'><figure class='gallery-item'>\n\t\t\t<div class='gallery-icon portrait'>\n\t\t\t\t<a href='https:\/\/viinanen.org\/wordpress\/2012\/08\/12\/rakennetaan-karu-poyta-metsan-mittaisesta\/20120719_lahtotilanne\/'><img loading=\"lazy\" decoding=\"async\" width=\"100\" height=\"133\" src=\"https:\/\/viinanen.org\/wordpress\/wp-content\/uploads\/2012\/07\/20120719_lahtotilanne.jpg\" class=\"attachment-responsive-100 size-responsive-100\" alt=\"\" srcset=\"https:\/\/viinanen.org\/wordpress\/wp-content\/uploads\/2012\/07\/20120719_lahtotilanne.jpg 600w, https:\/\/viinanen.org\/wordpress\/wp-content\/uploads\/2012\/07\/20120719_lahtotilanne-225x300.jpg 225w, https:\/\/viinanen.org\/wordpress\/wp-content\/uploads\/2012\/07\/20120719_lahtotilanne-450x600.jpg 450w\" sizes=\"auto, (max-width: 100px) 100vw, 100px\" \/><\/a>\n\t\t\t<\/div><\/figure><figure class='gallery-item'>\n\t\t\t<div class='gallery-icon landscape'>\n\t\t\t\t<a href='https:\/\/viinanen.org\/wordpress\/2012\/08\/12\/rakennetaan-karu-poyta-metsan-mittaisesta\/20120719_manuaalinen_sahapukki\/'><img loading=\"lazy\" decoding=\"async\" width=\"100\" height=\"75\" src=\"https:\/\/viinanen.org\/wordpress\/wp-content\/uploads\/2012\/07\/20120719_manuaalinen_sahapukki.jpg\" class=\"attachment-responsive-100 size-responsive-100\" alt=\"\" srcset=\"https:\/\/viinanen.org\/wordpress\/wp-content\/uploads\/2012\/07\/20120719_manuaalinen_sahapukki.jpg 800w, https:\/\/viinanen.org\/wordpress\/wp-content\/uploads\/2012\/07\/20120719_manuaalinen_sahapukki-300x225.jpg 300w, https:\/\/viinanen.org\/wordpress\/wp-content\/uploads\/2012\/07\/20120719_manuaalinen_sahapukki-450x337.jpg 450w\" sizes=\"auto, (max-width: 100px) 100vw, 100px\" \/><\/a>\n\t\t\t<\/div><\/figure><figure class='gallery-item'>\n\t\t\t<div class='gallery-icon landscape'>\n\t\t\t\t<a href='https:\/\/viinanen.org\/wordpress\/2012\/08\/12\/rakennetaan-karu-poyta-metsan-mittaisesta\/20120719_poydan_jalat\/'><img loading=\"lazy\" decoding=\"async\" width=\"100\" height=\"75\" src=\"https:\/\/viinanen.org\/wordpress\/wp-content\/uploads\/2012\/07\/20120719_poydan_jalat.jpg\" class=\"attachment-responsive-100 size-responsive-100\" alt=\"\" srcset=\"https:\/\/viinanen.org\/wordpress\/wp-content\/uploads\/2012\/07\/20120719_poydan_jalat.jpg 800w, https:\/\/viinanen.org\/wordpress\/wp-content\/uploads\/2012\/07\/20120719_poydan_jalat-300x225.jpg 300w, https:\/\/viinanen.org\/wordpress\/wp-content\/uploads\/2012\/07\/20120719_poydan_jalat-450x337.jpg 450w\" sizes=\"auto, (max-width: 100px) 100vw, 100px\" \/><\/a>\n\t\t\t<\/div><\/figure><figure class='gallery-item'>\n\t\t\t<div class='gallery-icon landscape'>\n\t\t\t\t<a href='https:\/\/viinanen.org\/wordpress\/2012\/08\/12\/rakennetaan-karu-poyta-metsan-mittaisesta\/20120720_diy_syvyydenrajoitin\/'><img loading=\"lazy\" decoding=\"async\" width=\"100\" height=\"87\" src=\"https:\/\/viinanen.org\/wordpress\/wp-content\/uploads\/2012\/07\/20120720_DIY_syvyydenrajoitin.jpg\" class=\"attachment-responsive-100 size-responsive-100\" alt=\"\" srcset=\"https:\/\/viinanen.org\/wordpress\/wp-content\/uploads\/2012\/07\/20120720_DIY_syvyydenrajoitin.jpg 800w, https:\/\/viinanen.org\/wordpress\/wp-content\/uploads\/2012\/07\/20120720_DIY_syvyydenrajoitin-300x259.jpg 300w, https:\/\/viinanen.org\/wordpress\/wp-content\/uploads\/2012\/07\/20120720_DIY_syvyydenrajoitin-450x389.jpg 450w\" sizes=\"auto, (max-width: 100px) 100vw, 100px\" \/><\/a>\n\t\t\t<\/div><\/figure><figure class='gallery-item'>\n\t\t\t<div class='gallery-icon landscape'>\n\t\t\t\t<a href='https:\/\/viinanen.org\/wordpress\/2012\/08\/12\/rakennetaan-karu-poyta-metsan-mittaisesta\/20120720_ensimmainen_penkin_paaty\/'><img loading=\"lazy\" decoding=\"async\" width=\"100\" height=\"75\" src=\"https:\/\/viinanen.org\/wordpress\/wp-content\/uploads\/2012\/07\/20120720_ensimmainen_penkin_paaty.jpg\" class=\"attachment-responsive-100 size-responsive-100\" alt=\"\" srcset=\"https:\/\/viinanen.org\/wordpress\/wp-content\/uploads\/2012\/07\/20120720_ensimmainen_penkin_paaty.jpg 800w, https:\/\/viinanen.org\/wordpress\/wp-content\/uploads\/2012\/07\/20120720_ensimmainen_penkin_paaty-300x225.jpg 300w, https:\/\/viinanen.org\/wordpress\/wp-content\/uploads\/2012\/07\/20120720_ensimmainen_penkin_paaty-450x337.jpg 450w\" sizes=\"auto, (max-width: 100px) 100vw, 100px\" \/><\/a>\n\t\t\t<\/div><\/figure><figure class='gallery-item'>\n\t\t\t<div class='gallery-icon landscape'>\n\t\t\t\t<a href='https:\/\/viinanen.org\/wordpress\/2012\/08\/12\/rakennetaan-karu-poyta-metsan-mittaisesta\/20120720_osat_leikattuna\/'><img loading=\"lazy\" decoding=\"async\" width=\"100\" height=\"75\" src=\"https:\/\/viinanen.org\/wordpress\/wp-content\/uploads\/2012\/07\/20120720_osat_leikattuna.jpg\" class=\"attachment-responsive-100 size-responsive-100\" alt=\"\" srcset=\"https:\/\/viinanen.org\/wordpress\/wp-content\/uploads\/2012\/07\/20120720_osat_leikattuna.jpg 800w, https:\/\/viinanen.org\/wordpress\/wp-content\/uploads\/2012\/07\/20120720_osat_leikattuna-300x225.jpg 300w, https:\/\/viinanen.org\/wordpress\/wp-content\/uploads\/2012\/07\/20120720_osat_leikattuna-450x337.jpg 450w\" sizes=\"auto, (max-width: 100px) 100vw, 100px\" \/><\/a>\n\t\t\t<\/div><\/figure><figure class='gallery-item'>\n\t\t\t<div class='gallery-icon landscape'>\n\t\t\t\t<a href='https:\/\/viinanen.org\/wordpress\/2012\/08\/12\/rakennetaan-karu-poyta-metsan-mittaisesta\/20120720_penkki_mallillaan\/'><img loading=\"lazy\" decoding=\"async\" width=\"100\" height=\"75\" src=\"https:\/\/viinanen.org\/wordpress\/wp-content\/uploads\/2012\/07\/20120720_penkki_mallillaan.jpg\" class=\"attachment-responsive-100 size-responsive-100\" alt=\"\" srcset=\"https:\/\/viinanen.org\/wordpress\/wp-content\/uploads\/2012\/07\/20120720_penkki_mallillaan.jpg 800w, https:\/\/viinanen.org\/wordpress\/wp-content\/uploads\/2012\/07\/20120720_penkki_mallillaan-300x225.jpg 300w, https:\/\/viinanen.org\/wordpress\/wp-content\/uploads\/2012\/07\/20120720_penkki_mallillaan-450x337.jpg 450w\" sizes=\"auto, (max-width: 100px) 100vw, 100px\" \/><\/a>\n\t\t\t<\/div><\/figure><figure class='gallery-item'>\n\t\t\t<div class='gallery-icon landscape'>\n\t\t\t\t<a href='https:\/\/viinanen.org\/wordpress\/2012\/08\/12\/rakennetaan-karu-poyta-metsan-mittaisesta\/20120720_reunan_piiluaminen\/'><img loading=\"lazy\" decoding=\"async\" width=\"100\" height=\"75\" src=\"https:\/\/viinanen.org\/wordpress\/wp-content\/uploads\/2012\/07\/20120720_reunan_piiluaminen.jpg\" class=\"attachment-responsive-100 size-responsive-100\" alt=\"\" srcset=\"https:\/\/viinanen.org\/wordpress\/wp-content\/uploads\/2012\/07\/20120720_reunan_piiluaminen.jpg 800w, https:\/\/viinanen.org\/wordpress\/wp-content\/uploads\/2012\/07\/20120720_reunan_piiluaminen-300x225.jpg 300w, https:\/\/viinanen.org\/wordpress\/wp-content\/uploads\/2012\/07\/20120720_reunan_piiluaminen-450x337.jpg 450w\" sizes=\"auto, (max-width: 100px) 100vw, 100px\" \/><\/a>\n\t\t\t<\/div><\/figure><figure class='gallery-item'>\n\t\t\t<div class='gallery-icon landscape'>\n\t\t\t\t<a href='https:\/\/viinanen.org\/wordpress\/2012\/08\/12\/rakennetaan-karu-poyta-metsan-mittaisesta\/20120720_sahkoistetty_sahapukki\/'><img loading=\"lazy\" decoding=\"async\" width=\"100\" height=\"75\" src=\"https:\/\/viinanen.org\/wordpress\/wp-content\/uploads\/2012\/07\/20120720_sahkoistetty_sahapukki.jpg\" class=\"attachment-responsive-100 size-responsive-100\" alt=\"\" srcset=\"https:\/\/viinanen.org\/wordpress\/wp-content\/uploads\/2012\/07\/20120720_sahkoistetty_sahapukki.jpg 800w, https:\/\/viinanen.org\/wordpress\/wp-content\/uploads\/2012\/07\/20120720_sahkoistetty_sahapukki-300x225.jpg 300w, https:\/\/viinanen.org\/wordpress\/wp-content\/uploads\/2012\/07\/20120720_sahkoistetty_sahapukki-450x337.jpg 450w\" sizes=\"auto, (max-width: 100px) 100vw, 100px\" \/><\/a>\n\t\t\t<\/div><\/figure><figure class='gallery-item'>\n\t\t\t<div class='gallery-icon landscape'>\n\t\t\t\t<a href='https:\/\/viinanen.org\/wordpress\/2012\/08\/12\/rakennetaan-karu-poyta-metsan-mittaisesta\/20120722_penkin_osasarja\/'><img loading=\"lazy\" decoding=\"async\" width=\"100\" height=\"73\" src=\"https:\/\/viinanen.org\/wordpress\/wp-content\/uploads\/2012\/07\/20120722_penkin_osasarja.jpg\" class=\"attachment-responsive-100 size-responsive-100\" alt=\"\" srcset=\"https:\/\/viinanen.org\/wordpress\/wp-content\/uploads\/2012\/07\/20120722_penkin_osasarja.jpg 800w, https:\/\/viinanen.org\/wordpress\/wp-content\/uploads\/2012\/07\/20120722_penkin_osasarja-300x220.jpg 300w, https:\/\/viinanen.org\/wordpress\/wp-content\/uploads\/2012\/07\/20120722_penkin_osasarja-450x330.jpg 450w\" sizes=\"auto, (max-width: 100px) 100vw, 100px\" \/><\/a>\n\t\t\t<\/div><\/figure><figure class='gallery-item'>\n\t\t\t<div class='gallery-icon landscape'>\n\t\t\t\t<a href='https:\/\/viinanen.org\/wordpress\/2012\/08\/12\/rakennetaan-karu-poyta-metsan-mittaisesta\/20120722_penkin_osasarjat_valmiina\/'><img loading=\"lazy\" decoding=\"async\" width=\"100\" height=\"74\" src=\"https:\/\/viinanen.org\/wordpress\/wp-content\/uploads\/2012\/07\/20120722_penkin_osasarjat_valmiina.jpg\" class=\"attachment-responsive-100 size-responsive-100\" alt=\"\" srcset=\"https:\/\/viinanen.org\/wordpress\/wp-content\/uploads\/2012\/07\/20120722_penkin_osasarjat_valmiina.jpg 800w, https:\/\/viinanen.org\/wordpress\/wp-content\/uploads\/2012\/07\/20120722_penkin_osasarjat_valmiina-300x221.jpg 300w, https:\/\/viinanen.org\/wordpress\/wp-content\/uploads\/2012\/07\/20120722_penkin_osasarjat_valmiina-450x331.jpg 450w\" sizes=\"auto, (max-width: 100px) 100vw, 100px\" \/><\/a>\n\t\t\t<\/div><\/figure><figure class='gallery-item'>\n\t\t\t<div class='gallery-icon landscape'>\n\t\t\t\t<a href='https:\/\/viinanen.org\/wordpress\/2012\/08\/12\/rakennetaan-karu-poyta-metsan-mittaisesta\/20120722_poydan_paadyn_liitos_sahattuna\/'><img loading=\"lazy\" decoding=\"async\" width=\"100\" height=\"74\" src=\"https:\/\/viinanen.org\/wordpress\/wp-content\/uploads\/2012\/07\/20120722_poydan_paadyn_liitos_sahattuna.jpg\" class=\"attachment-responsive-100 size-responsive-100\" alt=\"\" srcset=\"https:\/\/viinanen.org\/wordpress\/wp-content\/uploads\/2012\/07\/20120722_poydan_paadyn_liitos_sahattuna.jpg 800w, https:\/\/viinanen.org\/wordpress\/wp-content\/uploads\/2012\/07\/20120722_poydan_paadyn_liitos_sahattuna-300x221.jpg 300w, https:\/\/viinanen.org\/wordpress\/wp-content\/uploads\/2012\/07\/20120722_poydan_paadyn_liitos_sahattuna-450x331.jpg 450w\" sizes=\"auto, (max-width: 100px) 100vw, 100px\" \/><\/a>\n\t\t\t<\/div><\/figure><figure class='gallery-item'>\n\t\t\t<div class='gallery-icon landscape'>\n\t\t\t\t<a href='https:\/\/viinanen.org\/wordpress\/2012\/08\/12\/rakennetaan-karu-poyta-metsan-mittaisesta\/20120722_poydan_paadyn_liitos_viimeisteltyina\/'><img loading=\"lazy\" decoding=\"async\" width=\"100\" height=\"75\" src=\"https:\/\/viinanen.org\/wordpress\/wp-content\/uploads\/2012\/07\/20120722_poydan_paadyn_liitos_viimeisteltyina.jpg\" class=\"attachment-responsive-100 size-responsive-100\" alt=\"\" srcset=\"https:\/\/viinanen.org\/wordpress\/wp-content\/uploads\/2012\/07\/20120722_poydan_paadyn_liitos_viimeisteltyina.jpg 800w, https:\/\/viinanen.org\/wordpress\/wp-content\/uploads\/2012\/07\/20120722_poydan_paadyn_liitos_viimeisteltyina-300x225.jpg 300w, https:\/\/viinanen.org\/wordpress\/wp-content\/uploads\/2012\/07\/20120722_poydan_paadyn_liitos_viimeisteltyina-450x338.jpg 450w\" sizes=\"auto, (max-width: 100px) 100vw, 100px\" \/><\/a>\n\t\t\t<\/div><\/figure><figure class='gallery-item'>\n\t\t\t<div class='gallery-icon landscape'>\n\t\t\t\t<a href='https:\/\/viinanen.org\/wordpress\/2012\/08\/12\/rakennetaan-karu-poyta-metsan-mittaisesta\/20120722_poydan_paaty_liimauksessa\/'><img loading=\"lazy\" decoding=\"async\" width=\"100\" height=\"74\" src=\"https:\/\/viinanen.org\/wordpress\/wp-content\/uploads\/2012\/07\/20120722_poydan_paaty_liimauksessa.jpg\" class=\"attachment-responsive-100 size-responsive-100\" alt=\"\" srcset=\"https:\/\/viinanen.org\/wordpress\/wp-content\/uploads\/2012\/07\/20120722_poydan_paaty_liimauksessa.jpg 800w, https:\/\/viinanen.org\/wordpress\/wp-content\/uploads\/2012\/07\/20120722_poydan_paaty_liimauksessa-300x223.jpg 300w, https:\/\/viinanen.org\/wordpress\/wp-content\/uploads\/2012\/07\/20120722_poydan_paaty_liimauksessa-450x334.jpg 450w\" sizes=\"auto, (max-width: 100px) 100vw, 100px\" \/><\/a>\n\t\t\t<\/div><\/figure><figure class='gallery-item'>\n\t\t\t<div class='gallery-icon landscape'>\n\t\t\t\t<a href='https:\/\/viinanen.org\/wordpress\/2012\/08\/12\/rakennetaan-karu-poyta-metsan-mittaisesta\/20120724_paaty_valmiina\/'><img loading=\"lazy\" decoding=\"async\" width=\"100\" height=\"75\" src=\"https:\/\/viinanen.org\/wordpress\/wp-content\/uploads\/2012\/07\/20120724_paaty_valmiina.jpg\" class=\"attachment-responsive-100 size-responsive-100\" alt=\"\" srcset=\"https:\/\/viinanen.org\/wordpress\/wp-content\/uploads\/2012\/07\/20120724_paaty_valmiina.jpg 800w, https:\/\/viinanen.org\/wordpress\/wp-content\/uploads\/2012\/07\/20120724_paaty_valmiina-300x225.jpg 300w, https:\/\/viinanen.org\/wordpress\/wp-content\/uploads\/2012\/07\/20120724_paaty_valmiina-450x337.jpg 450w\" sizes=\"auto, (max-width: 100px) 100vw, 100px\" \/><\/a>\n\t\t\t<\/div><\/figure><figure class='gallery-item'>\n\t\t\t<div class='gallery-icon landscape'>\n\t\t\t\t<a href='https:\/\/viinanen.org\/wordpress\/2012\/08\/12\/rakennetaan-karu-poyta-metsan-mittaisesta\/20120725_ainoa_rakennepiirrustus\/'><img loading=\"lazy\" decoding=\"async\" width=\"100\" height=\"70\" src=\"https:\/\/viinanen.org\/wordpress\/wp-content\/uploads\/2012\/07\/20120725_Ainoa_rakennepiirrustus.jpg\" class=\"attachment-responsive-100 size-responsive-100\" alt=\"\" srcset=\"https:\/\/viinanen.org\/wordpress\/wp-content\/uploads\/2012\/07\/20120725_Ainoa_rakennepiirrustus.jpg 899w, https:\/\/viinanen.org\/wordpress\/wp-content\/uploads\/2012\/07\/20120725_Ainoa_rakennepiirrustus-300x208.jpg 300w, https:\/\/viinanen.org\/wordpress\/wp-content\/uploads\/2012\/07\/20120725_Ainoa_rakennepiirrustus-450x313.jpg 450w\" sizes=\"auto, (max-width: 100px) 100vw, 100px\" \/><\/a>\n\t\t\t<\/div><\/figure><figure class='gallery-item'>\n\t\t\t<div class='gallery-icon landscape'>\n\t\t\t\t<a href='https:\/\/viinanen.org\/wordpress\/2012\/08\/12\/rakennetaan-karu-poyta-metsan-mittaisesta\/20120725_poydan_mallailua\/'><img loading=\"lazy\" decoding=\"async\" width=\"100\" height=\"74\" src=\"https:\/\/viinanen.org\/wordpress\/wp-content\/uploads\/2012\/07\/20120725_poydan_mallailua.jpg\" class=\"attachment-responsive-100 size-responsive-100\" alt=\"\" srcset=\"https:\/\/viinanen.org\/wordpress\/wp-content\/uploads\/2012\/07\/20120725_poydan_mallailua.jpg 800w, https:\/\/viinanen.org\/wordpress\/wp-content\/uploads\/2012\/07\/20120725_poydan_mallailua-300x220.jpg 300w, https:\/\/viinanen.org\/wordpress\/wp-content\/uploads\/2012\/07\/20120725_poydan_mallailua-450x331.jpg 450w\" sizes=\"auto, (max-width: 100px) 100vw, 100px\" \/><\/a>\n\t\t\t<\/div><\/figure><figure class='gallery-item'>\n\t\t\t<div class='gallery-icon landscape'>\n\t\t\t\t<a href='https:\/\/viinanen.org\/wordpress\/2012\/08\/12\/rakennetaan-karu-poyta-metsan-mittaisesta\/20120725_tappipora\/'><img loading=\"lazy\" decoding=\"async\" width=\"100\" height=\"74\" src=\"https:\/\/viinanen.org\/wordpress\/wp-content\/uploads\/2012\/07\/20120725_tappipora.jpg\" class=\"attachment-responsive-100 size-responsive-100\" alt=\"\" srcset=\"https:\/\/viinanen.org\/wordpress\/wp-content\/uploads\/2012\/07\/20120725_tappipora.jpg 800w, https:\/\/viinanen.org\/wordpress\/wp-content\/uploads\/2012\/07\/20120725_tappipora-300x221.jpg 300w, https:\/\/viinanen.org\/wordpress\/wp-content\/uploads\/2012\/07\/20120725_tappipora-450x332.jpg 450w\" sizes=\"auto, (max-width: 100px) 100vw, 100px\" \/><\/a>\n\t\t\t<\/div><\/figure><figure class='gallery-item'>\n\t\t\t<div class='gallery-icon landscape'>\n\t\t\t\t<a href='https:\/\/viinanen.org\/wordpress\/2012\/08\/12\/rakennetaan-karu-poyta-metsan-mittaisesta\/20120726_ensimmainen_kokoaminen\/'><img loading=\"lazy\" decoding=\"async\" width=\"100\" height=\"75\" src=\"https:\/\/viinanen.org\/wordpress\/wp-content\/uploads\/2012\/07\/20120726_ensimmainen_kokoaminen.jpg\" class=\"attachment-responsive-100 size-responsive-100\" alt=\"\" srcset=\"https:\/\/viinanen.org\/wordpress\/wp-content\/uploads\/2012\/07\/20120726_ensimmainen_kokoaminen.jpg 800w, https:\/\/viinanen.org\/wordpress\/wp-content\/uploads\/2012\/07\/20120726_ensimmainen_kokoaminen-300x225.jpg 300w, https:\/\/viinanen.org\/wordpress\/wp-content\/uploads\/2012\/07\/20120726_ensimmainen_kokoaminen-450x337.jpg 450w\" sizes=\"auto, (max-width: 100px) 100vw, 100px\" \/><\/a>\n\t\t\t<\/div><\/figure><figure class='gallery-item'>\n\t\t\t<div class='gallery-icon landscape'>\n\t\t\t\t<a href='https:\/\/viinanen.org\/wordpress\/2012\/08\/12\/rakennetaan-karu-poyta-metsan-mittaisesta\/20120726_kansi_nippuun\/'><img loading=\"lazy\" decoding=\"async\" width=\"100\" height=\"75\" src=\"https:\/\/viinanen.org\/wordpress\/wp-content\/uploads\/2012\/07\/20120726_kansi_nippuun.jpg\" class=\"attachment-responsive-100 size-responsive-100\" alt=\"\" srcset=\"https:\/\/viinanen.org\/wordpress\/wp-content\/uploads\/2012\/07\/20120726_kansi_nippuun.jpg 800w, https:\/\/viinanen.org\/wordpress\/wp-content\/uploads\/2012\/07\/20120726_kansi_nippuun-300x225.jpg 300w, https:\/\/viinanen.org\/wordpress\/wp-content\/uploads\/2012\/07\/20120726_kansi_nippuun-450x337.jpg 450w\" sizes=\"auto, (max-width: 100px) 100vw, 100px\" \/><\/a>\n\t\t\t<\/div><\/figure><figure class='gallery-item'>\n\t\t\t<div class='gallery-icon landscape'>\n\t\t\t\t<a href='https:\/\/viinanen.org\/wordpress\/2012\/08\/12\/rakennetaan-karu-poyta-metsan-mittaisesta\/20120726_loppuhiontaa_vaille_valmista\/'><img loading=\"lazy\" decoding=\"async\" width=\"100\" height=\"75\" src=\"https:\/\/viinanen.org\/wordpress\/wp-content\/uploads\/2012\/07\/20120726_loppuhiontaa_vaille_valmista.jpg\" class=\"attachment-responsive-100 size-responsive-100\" alt=\"\" srcset=\"https:\/\/viinanen.org\/wordpress\/wp-content\/uploads\/2012\/07\/20120726_loppuhiontaa_vaille_valmista.jpg 800w, https:\/\/viinanen.org\/wordpress\/wp-content\/uploads\/2012\/07\/20120726_loppuhiontaa_vaille_valmista-300x225.jpg 300w, https:\/\/viinanen.org\/wordpress\/wp-content\/uploads\/2012\/07\/20120726_loppuhiontaa_vaille_valmista-450x337.jpg 450w\" sizes=\"auto, (max-width: 100px) 100vw, 100px\" \/><\/a>\n\t\t\t<\/div><\/figure><figure class='gallery-item'>\n\t\t\t<div class='gallery-icon landscape'>\n\t\t\t\t<a href='https:\/\/viinanen.org\/wordpress\/2012\/08\/12\/rakennetaan-karu-poyta-metsan-mittaisesta\/20120726_paatyristikoiden_kiinnistys_01\/'><img loading=\"lazy\" decoding=\"async\" width=\"100\" height=\"75\" src=\"https:\/\/viinanen.org\/wordpress\/wp-content\/uploads\/2012\/07\/20120726_paatyristikoiden_kiinnistys_01.jpg\" class=\"attachment-responsive-100 size-responsive-100\" alt=\"\" srcset=\"https:\/\/viinanen.org\/wordpress\/wp-content\/uploads\/2012\/07\/20120726_paatyristikoiden_kiinnistys_01.jpg 800w, https:\/\/viinanen.org\/wordpress\/wp-content\/uploads\/2012\/07\/20120726_paatyristikoiden_kiinnistys_01-300x225.jpg 300w, https:\/\/viinanen.org\/wordpress\/wp-content\/uploads\/2012\/07\/20120726_paatyristikoiden_kiinnistys_01-450x337.jpg 450w\" sizes=\"auto, (max-width: 100px) 100vw, 100px\" \/><\/a>\n\t\t\t<\/div><\/figure><figure class='gallery-item'>\n\t\t\t<div class='gallery-icon landscape'>\n\t\t\t\t<a href='https:\/\/viinanen.org\/wordpress\/2012\/08\/12\/rakennetaan-karu-poyta-metsan-mittaisesta\/20120726_tapitusta-vaille\/'><img loading=\"lazy\" decoding=\"async\" width=\"100\" height=\"75\" src=\"https:\/\/viinanen.org\/wordpress\/wp-content\/uploads\/2012\/07\/20120726_tapitusta-vaille.jpg\" class=\"attachment-responsive-100 size-responsive-100\" alt=\"\" srcset=\"https:\/\/viinanen.org\/wordpress\/wp-content\/uploads\/2012\/07\/20120726_tapitusta-vaille.jpg 800w, https:\/\/viinanen.org\/wordpress\/wp-content\/uploads\/2012\/07\/20120726_tapitusta-vaille-300x225.jpg 300w, https:\/\/viinanen.org\/wordpress\/wp-content\/uploads\/2012\/07\/20120726_tapitusta-vaille-450x337.jpg 450w\" sizes=\"auto, (max-width: 100px) 100vw, 100px\" \/><\/a>\n\t\t\t<\/div><\/figure><figure class='gallery-item'>\n\t\t\t<div class='gallery-icon landscape'>\n\t\t\t\t<a href='https:\/\/viinanen.org\/wordpress\/2012\/08\/12\/rakennetaan-karu-poyta-metsan-mittaisesta\/20120726_valmis_tapitus\/'><img loading=\"lazy\" decoding=\"async\" width=\"100\" height=\"75\" src=\"https:\/\/viinanen.org\/wordpress\/wp-content\/uploads\/2012\/07\/20120726_valmis_tapitus.jpg\" class=\"attachment-responsive-100 size-responsive-100\" alt=\"\" srcset=\"https:\/\/viinanen.org\/wordpress\/wp-content\/uploads\/2012\/07\/20120726_valmis_tapitus.jpg 800w, https:\/\/viinanen.org\/wordpress\/wp-content\/uploads\/2012\/07\/20120726_valmis_tapitus-300x225.jpg 300w, https:\/\/viinanen.org\/wordpress\/wp-content\/uploads\/2012\/07\/20120726_valmis_tapitus-450x337.jpg 450w\" sizes=\"auto, (max-width: 100px) 100vw, 100px\" \/><\/a>\n\t\t\t<\/div><\/figure><figure class='gallery-item'>\n\t\t\t<div class='gallery-icon landscape'>\n\t\t\t\t<a href='https:\/\/viinanen.org\/wordpress\/2012\/08\/12\/rakennetaan-karu-poyta-metsan-mittaisesta\/20120810_koottuna\/'><img loading=\"lazy\" decoding=\"async\" width=\"100\" height=\"75\" src=\"https:\/\/viinanen.org\/wordpress\/wp-content\/uploads\/2012\/07\/20120810_koottuna.jpg\" class=\"attachment-responsive-100 size-responsive-100\" alt=\"\" srcset=\"https:\/\/viinanen.org\/wordpress\/wp-content\/uploads\/2012\/07\/20120810_koottuna.jpg 800w, https:\/\/viinanen.org\/wordpress\/wp-content\/uploads\/2012\/07\/20120810_koottuna-300x225.jpg 300w, https:\/\/viinanen.org\/wordpress\/wp-content\/uploads\/2012\/07\/20120810_koottuna-450x337.jpg 450w\" sizes=\"auto, (max-width: 100px) 100vw, 100px\" \/><\/a>\n\t\t\t<\/div><\/figure><figure class='gallery-item'>\n\t\t\t<div class='gallery-icon landscape'>\n\t\t\t\t<a href='https:\/\/viinanen.org\/wordpress\/2012\/08\/12\/rakennetaan-karu-poyta-metsan-mittaisesta\/20120812_valmista_ja_kaytossa\/'><img loading=\"lazy\" decoding=\"async\" width=\"100\" height=\"75\" src=\"https:\/\/viinanen.org\/wordpress\/wp-content\/uploads\/2012\/07\/20120812_valmista_ja_kaytossa.jpg\" class=\"attachment-responsive-100 size-responsive-100\" alt=\"\" srcset=\"https:\/\/viinanen.org\/wordpress\/wp-content\/uploads\/2012\/07\/20120812_valmista_ja_kaytossa.jpg 800w, https:\/\/viinanen.org\/wordpress\/wp-content\/uploads\/2012\/07\/20120812_valmista_ja_kaytossa-300x225.jpg 300w, https:\/\/viinanen.org\/wordpress\/wp-content\/uploads\/2012\/07\/20120812_valmista_ja_kaytossa-450x337.jpg 450w\" sizes=\"auto, (max-width: 100px) 100vw, 100px\" \/><\/a>\n\t\t\t<\/div><\/figure>\n\t\t<\/div>\n\n","protected":false},"excerpt":{"rendered":"<p>Rupesi \u00e4rsytt\u00e4m\u00e4\u00e4n nykyinen hieman rimpula pirttip\u00f6yt\u00e4 ja penkit. Eih\u00e4n siin\u00e4 kohta mahdu en\u00e4\u00e4 sy\u00f6m\u00e4\u00e4n kun pojat kasvaa pituutta ja v\u00e4h\u00e4n leveytt\u00e4. Saati kunnolla lehte\u00e4 lukemaan. Ajatuksen sain kun juhannuksen lomareissulla mielenkiinnolla tutkiskelin Rosalan viikinkikeskuksen p\u00e4\u00e4llik\u00f6n hallissa olevia penkkej\u00e4 ja p\u00f6yti\u00e4. &hellip;<\/p>\n<p class=\"read-more\"> <a class=\"more-link\" href=\"https:\/\/viinanen.org\/wordpress\/2012\/08\/12\/rakennetaan-karu-poyta-metsan-mittaisesta\/\"> <span class=\"screen-reader-text\">Rakennetaan karu p\u00f6yt\u00e4 mets\u00e4n mittaisesta<\/span> Read More &raquo;<\/a><\/p>\n","protected":false},"author":1,"featured_media":1709,"comment_status":"open","ping_status":"open","sticky":false,"template":"","format":"standard","meta":{"footnotes":""},"categories":[78],"tags":[],"class_list":["post-1668","post","type-post","status-publish","format-standard","has-post-thumbnail","hentry","category-puutoita"],"_links":{"self":[{"href":"https:\/\/viinanen.org\/wordpress\/wp-json\/wp\/v2\/posts\/1668","targetHints":{"allow":["GET"]}}],"collection":[{"href":"https:\/\/viinanen.org\/wordpress\/wp-json\/wp\/v2\/posts"}],"about":[{"href":"https:\/\/viinanen.org\/wordpress\/wp-json\/wp\/v2\/types\/post"}],"author":[{"embeddable":true,"href":"https:\/\/viinanen.org\/wordpress\/wp-json\/wp\/v2\/users\/1"}],"replies":[{"embeddable":true,"href":"https:\/\/viinanen.org\/wordpress\/wp-json\/wp\/v2\/comments?post=1668"}],"version-history":[{"count":21,"href":"https:\/\/viinanen.org\/wordpress\/wp-json\/wp\/v2\/posts\/1668\/revisions"}],"predecessor-version":[{"id":1713,"href":"https:\/\/viinanen.org\/wordpress\/wp-json\/wp\/v2\/posts\/1668\/revisions\/1713"}],"wp:featuredmedia":[{"embeddable":true,"href":"https:\/\/viinanen.org\/wordpress\/wp-json\/wp\/v2\/media\/1709"}],"wp:attachment":[{"href":"https:\/\/viinanen.org\/wordpress\/wp-json\/wp\/v2\/media?parent=1668"}],"wp:term":[{"taxonomy":"category","embeddable":true,"href":"https:\/\/viinanen.org\/wordpress\/wp-json\/wp\/v2\/categories?post=1668"},{"taxonomy":"post_tag","embeddable":true,"href":"https:\/\/viinanen.org\/wordpress\/wp-json\/wp\/v2\/tags?post=1668"}],"curies":[{"name":"wp","href":"https:\/\/api.w.org\/{rel}","templated":true}]}}