{"id":1850,"date":"2013-02-03T12:20:33","date_gmt":"2013-02-03T10:20:33","guid":{"rendered":"http:\/\/www.viinanen.org\/wordpress\/?p=1850"},"modified":"2013-02-03T17:08:56","modified_gmt":"2013-02-03T15:08:56","slug":"omituisten-chilien-kerho-osa-2","status":"publish","type":"post","link":"https:\/\/viinanen.org\/wordpress\/2013\/02\/03\/omituisten-chilien-kerho-osa-2\/","title":{"rendered":"Omituisten chilien kerho osa 2"},"content":{"rendered":"<table border=\"0\">\n<tbody>\n<tr>\n<td width=\"310\"><a href=\"http:\/\/www.viinanen.org\/wordpress\/wp-content\/uploads\/2013\/02\/20130203_aji_dulce-02.jpg\"><img loading=\"lazy\" decoding=\"async\" class=\"size-medium wp-image-1852 alignleft\" alt=\"Aji Dulce Amarillo\" src=\"http:\/\/www.viinanen.org\/wordpress\/wp-content\/uploads\/2013\/02\/20130203_aji_dulce-02-300x240.jpg\" width=\"300\" height=\"240\" srcset=\"https:\/\/viinanen.org\/wordpress\/wp-content\/uploads\/2013\/02\/20130203_aji_dulce-02-300x240.jpg 300w, https:\/\/viinanen.org\/wordpress\/wp-content\/uploads\/2013\/02\/20130203_aji_dulce-02-1024x819.jpg 1024w, https:\/\/viinanen.org\/wordpress\/wp-content\/uploads\/2013\/02\/20130203_aji_dulce-02-450x360.jpg 450w, https:\/\/viinanen.org\/wordpress\/wp-content\/uploads\/2013\/02\/20130203_aji_dulce-02-500x400.jpg 500w, https:\/\/viinanen.org\/wordpress\/wp-content\/uploads\/2013\/02\/20130203_aji_dulce-02.jpg 1280w\" sizes=\"auto, (max-width: 300px) 100vw, 300px\" \/><\/a><\/td>\n<td rowspan=\"2\" valign=\"top\">Trifoliaateista (kolme sirkkalehte\u00e4) on ollut paljon puhetta, mutta yksi Aji Dulce Amarilloistani (se tuleton &#8220;Habanero&#8221;) j\u00e4rjesti pienoisen yll\u00e4tyksen. \u00c4kki\u00e4 voisi luulla ett\u00e4 samaan koloon on tipahtanut kaksi it\u00e4nytt\u00e4 siement\u00e4. Kaivoin varovasti id\u00e4tysruukkua l\u00f6yt\u00e4m\u00e4tt\u00e4 sielt\u00e4 ylim\u00e4\u00e4r\u00e4isi\u00e4 kyp\u00e4r\u00e4\u00e4. Siirr\u00e4n siemenet aina lautalta id\u00e4tysmultaan, kunhan h\u00e4nt\u00e4 on ulkona. Lis\u00e4ksi pid\u00e4n pedanttia kirjaa id\u00e4tyksist\u00e4ni. Kaiken kukkuraksi yht\u00e4\u00e4n siement\u00e4 ei ole &#8220;hukassa&#8221;. Samana p\u00e4iv\u00e4n\u00e4 p\u00e4\u00e4si multaan Alma Paprika, &#8220;Whilis Large Habanero&#8221; ja toinen Aji Dulce Amarillo. T\u00e4m\u00e4 kolmikko on kauniisti iduillaan jo.&nbsp;<\/p>\n<p>Toivon todella ett\u00e4 tuo j\u00e4isi henkiin. Hirve\u00e4n pieni r\u00e4\u00e4p\u00e4le t\u00e4m\u00e4 kaveri viel\u00e4 on. Sirkat tuli nimitt\u00e4in pinnalle jo 31.1.2013. Pienoista kasvua on kyll\u00e4 tapahtunut. Mik\u00e4li saan kasvatettua siit\u00e4 kukoistavan yksil\u00f6n ja molemmat oksat s\u00e4ilyv\u00e4t viel\u00e4 el\u00e4vin\u00e4, niin vastassa voi olla todellinen yhden rungon ja kahden lajikkeen yll\u00e4tys tai sitten ihan vain tyls\u00e4sti Aji Dulce Amarillo. Taas ollaan j\u00e4nn\u00e4n \u00e4\u00e4rell\u00e4! Kuvaa t\u00f6kk\u00e4\u00e4m\u00e4ll\u00e4 n\u00e4kee alkuper\u00e4isest\u00e4 kuvasta leikatun.<\/p>\n<p>2.2. p\u00e4\u00e4si my\u00f6s ensimm\u00e4inen satsi v\u00e4h\u00e4n vahvempia taimia 1l ruukkuihinsa. Ruukut voi kuulostaa \u00e4kkiselt\u00e4\u00e4n aika isoilta tuollaisten pienen r\u00e4\u00e4p\u00e4leiden kasvaa. Nyt menn\u00e4\u00e4n helmikuun alkua. Minulla ei ole kasvihuonetta ja ylim\u00e4\u00e4r\u00e4isist\u00e4 taimistakin p\u00e4\u00e4see eroon vasta ilmojen hieman l\u00e4mmetty\u00e4. Mit\u00e4\u00e4n kiirett\u00e4 ei viel\u00e4 ole. Kasvattakoot nyt juuriaan vaan. Kasvualustana on Biolanin TurveMullan, perliitin ja vermikuliitin seos.<\/td>\n<\/tr>\n<tr>\n<td><a href=\"http:\/\/www.viinanen.org\/wordpress\/wp-content\/uploads\/2013\/02\/20130203_aji_dulce-01.jpg\"><img loading=\"lazy\" decoding=\"async\" class=\"size-medium wp-image-1851 alignleft\" alt=\"Aji Dulce Amarillo\" src=\"http:\/\/www.viinanen.org\/wordpress\/wp-content\/uploads\/2013\/02\/20130203_aji_dulce-01-300x225.jpg\" width=\"300\" height=\"225\" srcset=\"https:\/\/viinanen.org\/wordpress\/wp-content\/uploads\/2013\/02\/20130203_aji_dulce-01-300x225.jpg 300w, https:\/\/viinanen.org\/wordpress\/wp-content\/uploads\/2013\/02\/20130203_aji_dulce-01-450x337.jpg 450w, https:\/\/viinanen.org\/wordpress\/wp-content\/uploads\/2013\/02\/20130203_aji_dulce-01-500x375.jpg 500w, https:\/\/viinanen.org\/wordpress\/wp-content\/uploads\/2013\/02\/20130203_aji_dulce-01.jpg 1024w\" sizes=\"auto, (max-width: 300px) 100vw, 300px\" \/><\/a><\/td>\n<\/tr>\n<\/tbody>\n<\/table>\n","protected":false},"excerpt":{"rendered":"<p>Trifoliaateista (kolme sirkkalehte\u00e4) on ollut paljon puhetta, mutta yksi Aji Dulce Amarilloistani (se tuleton &#8220;Habanero&#8221;) j\u00e4rjesti pienoisen yll\u00e4tyksen. \u00c4kki\u00e4 voisi luulla ett\u00e4 samaan koloon on tipahtanut kaksi it\u00e4nytt\u00e4 siement\u00e4. Kaivoin varovasti id\u00e4tysruukkua l\u00f6yt\u00e4m\u00e4tt\u00e4 sielt\u00e4 ylim\u00e4\u00e4r\u00e4isi\u00e4 kyp\u00e4r\u00e4\u00e4. Siirr\u00e4n siemenet aina lautalta &hellip;<\/p>\n<p class=\"read-more\"> <a class=\"more-link\" href=\"https:\/\/viinanen.org\/wordpress\/2013\/02\/03\/omituisten-chilien-kerho-osa-2\/\"> <span class=\"screen-reader-text\">Omituisten chilien kerho osa 2<\/span> Read More &raquo;<\/a><\/p>\n","protected":false},"author":1,"featured_media":0,"comment_status":"open","ping_status":"open","sticky":false,"template":"","format":"standard","meta":{"footnotes":""},"categories":[82],"tags":[55],"class_list":["post-1850","post","type-post","status-publish","format-standard","hentry","category-chilipaivakirja-2013","tag-c-chinense"],"_links":{"self":[{"href":"https:\/\/viinanen.org\/wordpress\/wp-json\/wp\/v2\/posts\/1850","targetHints":{"allow":["GET"]}}],"collection":[{"href":"https:\/\/viinanen.org\/wordpress\/wp-json\/wp\/v2\/posts"}],"about":[{"href":"https:\/\/viinanen.org\/wordpress\/wp-json\/wp\/v2\/types\/post"}],"author":[{"embeddable":true,"href":"https:\/\/viinanen.org\/wordpress\/wp-json\/wp\/v2\/users\/1"}],"replies":[{"embeddable":true,"href":"https:\/\/viinanen.org\/wordpress\/wp-json\/wp\/v2\/comments?post=1850"}],"version-history":[{"count":20,"href":"https:\/\/viinanen.org\/wordpress\/wp-json\/wp\/v2\/posts\/1850\/revisions"}],"predecessor-version":[{"id":1868,"href":"https:\/\/viinanen.org\/wordpress\/wp-json\/wp\/v2\/posts\/1850\/revisions\/1868"}],"wp:attachment":[{"href":"https:\/\/viinanen.org\/wordpress\/wp-json\/wp\/v2\/media?parent=1850"}],"wp:term":[{"taxonomy":"category","embeddable":true,"href":"https:\/\/viinanen.org\/wordpress\/wp-json\/wp\/v2\/categories?post=1850"},{"taxonomy":"post_tag","embeddable":true,"href":"https:\/\/viinanen.org\/wordpress\/wp-json\/wp\/v2\/tags?post=1850"}],"curies":[{"name":"wp","href":"https:\/\/api.w.org\/{rel}","templated":true}]}}