{"id":2151,"date":"2014-02-25T19:06:55","date_gmt":"2014-02-25T17:06:55","guid":{"rendered":"http:\/\/www.viinanen.org\/wordpress\/?p=2151"},"modified":"2014-02-28T09:13:17","modified_gmt":"2014-02-28T07:13:17","slug":"ensimmainen-kasvihuoneeni","status":"publish","type":"post","link":"https:\/\/viinanen.org\/wordpress\/2014\/02\/25\/ensimmainen-kasvihuoneeni\/","title":{"rendered":"Ensimm\u00e4inen kasvihuoneeni"},"content":{"rendered":"<figure id=\"attachment_2152\" aria-describedby=\"caption-attachment-2152\" style=\"width: 640px\" class=\"wp-caption alignright\"><a href=\"http:\/\/www.viinanen.org\/wordpress\/wp-content\/uploads\/2014\/02\/20140225_kasvihuone.jpg\"><img loading=\"lazy\" decoding=\"async\" class=\"size-large wp-image-2152 \" title=\"Ensimm\u00e4inen kasvihuoneeni\" alt=\"20140225_kasvihuone\" src=\"http:\/\/www.viinanen.org\/wordpress\/wp-content\/uploads\/2014\/02\/20140225_kasvihuone-1024x962.jpg\" width=\"640\" height=\"601\" srcset=\"https:\/\/viinanen.org\/wordpress\/wp-content\/uploads\/2014\/02\/20140225_kasvihuone-1024x962.jpg 1024w, https:\/\/viinanen.org\/wordpress\/wp-content\/uploads\/2014\/02\/20140225_kasvihuone-300x282.jpg 300w, https:\/\/viinanen.org\/wordpress\/wp-content\/uploads\/2014\/02\/20140225_kasvihuone-150x141.jpg 150w, https:\/\/viinanen.org\/wordpress\/wp-content\/uploads\/2014\/02\/20140225_kasvihuone-400x376.jpg 400w, https:\/\/viinanen.org\/wordpress\/wp-content\/uploads\/2014\/02\/20140225_kasvihuone-700x658.jpg 700w, https:\/\/viinanen.org\/wordpress\/wp-content\/uploads\/2014\/02\/20140225_kasvihuone.jpg 1200w\" sizes=\"auto, (max-width: 640px) 100vw, 640px\" \/><\/a><figcaption id=\"caption-attachment-2152\" class=\"wp-caption-text\">Ensimm\u00e4inen kasvihuoneeni<\/figcaption><\/figure>\n<p>Heti kun ansaittu talviloma alkoi, niin pistin hihat heilumaan. Ei siin\u00e4 kauaa lopulta nokka tuhissut. P\u00e4\u00e4dyt ja etusein\u00e4 ovat omina &#8220;moduuleinaan&#8221; joten ne oli helppo rakentaa sis\u00e4ll\u00e4 suoralla lattialla. Kaikki ruuvit ovea lukuunottamatta on viel\u00e4 sis\u00e4puolella, ettei olisi niin rivon n\u00e4k\u00f6inen.<\/p>\n<p>Naapurikin kyseli ett\u00e4 &#8220;Mit\u00e4s Timo rakentelee?&#8221; Kun kerroin niin heti tuo tiesi ett\u00e4 chilej\u00e4 sinne tulee. Eik\u00e4 tuo pannut pahakseen, ett\u00e4 moinen m\u00f6kki talon kulmalle nousee.<\/p>\n<p>Lasit on l\u00e4hes kaikki leikattu jo. Parin ruudun kanssa joutuu \u00e4hert\u00e4m\u00e4\u00e4n ohuen askarteluveitsen kanssa ett\u00e4 saa silikoneistaan irti. Se onkin hidasta ja \u00e4rsytt\u00e4v\u00e4\u00e4 puuhaa. Pit\u00e4\u00e4 olla varovainen ettei k\u00e4y niinkuin ensimm\u00e4iselle ruudulle&#8230;<\/p>\n<p>Huomenna ruuvaan loput kattovasat kiinni. Sitten tuo saakin hetken odottaa, ett\u00e4 saa katon p\u00e4\u00e4llens\u00e4. Kattokaltevuus on kokonaiset 30 astetta kun jostain luin, ett\u00e4 silloin ei kondenssivesi tipu kuin vasta r\u00e4yst\u00e4\u00e4ll\u00e4. Kattoon tulee harjalle yksi \u00a0 automaattiavaajalla varustettu tuuletusluukku. Katon materiaalina on UV-suojattu valokate.<\/p>\n<p>Yksik\u00e4\u00e4n puu ei haljennut ruuvatessa. K\u00e4yt\u00e4n nyky\u00e4\u00e4n vain itseporautuvia ruuveja, joiden olen huomannut s\u00e4\u00e4liv\u00e4n jopa suomalaista tehotuotettua balsaa, siis kuusta. Lis\u00e4ksi l\u00e4hes jokaisessa liitoksessa k\u00e4ytetty lapaliitoskin varmaan auttoi asiassa.<\/p>\n<p>Ristimittakin on l\u00e4hes samalla pallonpuoliskolla. Ensi kuussa siis katto p\u00e4\u00e4lle, my\u00f6hemmin valkoista maalia ja lopulta lasit kiinni. Alareunaan hengitt\u00e4v\u00e4 suojakangas ja sorastus\/laatat p\u00e4\u00e4lle. \u00a0Hyv\u00e4 siit\u00e4 tulee!<\/p>\n<p>Edit 28.2.2014<\/p>\n<p>Purin koko h\u00f6k\u00f6tyksen osiin ja tein sille viel\u00e4 per\u00e4sein\u00e4n. Se saa pintaansa UV-suojattua kasvihuonemuovia, kunhan l\u00f6yd\u00e4n paikan, josta saan sit\u00e4 riitt\u00e4v\u00e4n v\u00e4h\u00e4n. Ei tee mieli ostaa 50\u20ac maksavaa rullaa kun tarve on noin 2.2 x 2.5m palanen. Koko h\u00f6k\u00f6tys tulee lis\u00e4ksi hieman irti lautasein\u00e4st\u00e4.<\/p>\n<p>&nbsp;<\/p>\n","protected":false},"excerpt":{"rendered":"<p>Heti kun ansaittu talviloma alkoi, niin pistin hihat heilumaan. Ei siin\u00e4 kauaa lopulta nokka tuhissut. P\u00e4\u00e4dyt ja etusein\u00e4 ovat omina &#8220;moduuleinaan&#8221; joten ne oli helppo rakentaa sis\u00e4ll\u00e4 suoralla lattialla. Kaikki ruuvit ovea lukuunottamatta on viel\u00e4 sis\u00e4puolella, ettei olisi niin rivon &hellip;<\/p>\n<p class=\"read-more\"> <a class=\"more-link\" href=\"https:\/\/viinanen.org\/wordpress\/2014\/02\/25\/ensimmainen-kasvihuoneeni\/\"> <span class=\"screen-reader-text\">Ensimm\u00e4inen kasvihuoneeni<\/span> Read More &raquo;<\/a><\/p>\n","protected":false},"author":1,"featured_media":0,"comment_status":"open","ping_status":"open","sticky":false,"template":"","format":"standard","meta":{"footnotes":""},"categories":[89],"tags":[],"class_list":["post-2151","post","type-post","status-publish","format-standard","hentry","category-chilipaivakirja-2014"],"_links":{"self":[{"href":"https:\/\/viinanen.org\/wordpress\/wp-json\/wp\/v2\/posts\/2151","targetHints":{"allow":["GET"]}}],"collection":[{"href":"https:\/\/viinanen.org\/wordpress\/wp-json\/wp\/v2\/posts"}],"about":[{"href":"https:\/\/viinanen.org\/wordpress\/wp-json\/wp\/v2\/types\/post"}],"author":[{"embeddable":true,"href":"https:\/\/viinanen.org\/wordpress\/wp-json\/wp\/v2\/users\/1"}],"replies":[{"embeddable":true,"href":"https:\/\/viinanen.org\/wordpress\/wp-json\/wp\/v2\/comments?post=2151"}],"version-history":[{"count":10,"href":"https:\/\/viinanen.org\/wordpress\/wp-json\/wp\/v2\/posts\/2151\/revisions"}],"predecessor-version":[{"id":2164,"href":"https:\/\/viinanen.org\/wordpress\/wp-json\/wp\/v2\/posts\/2151\/revisions\/2164"}],"wp:attachment":[{"href":"https:\/\/viinanen.org\/wordpress\/wp-json\/wp\/v2\/media?parent=2151"}],"wp:term":[{"taxonomy":"category","embeddable":true,"href":"https:\/\/viinanen.org\/wordpress\/wp-json\/wp\/v2\/categories?post=2151"},{"taxonomy":"post_tag","embeddable":true,"href":"https:\/\/viinanen.org\/wordpress\/wp-json\/wp\/v2\/tags?post=2151"}],"curies":[{"name":"wp","href":"https:\/\/api.w.org\/{rel}","templated":true}]}}